{"id":591,"date":"2023-06-29T22:04:22","date_gmt":"2023-06-29T22:04:22","guid":{"rendered":"https:\/\/mobdia.com\/?p=591"},"modified":"2023-06-30T23:05:18","modified_gmt":"2023-06-30T23:05:18","slug":"hayatinizi-degistirebilecek-sosyal-faydalar","status":"publish","type":"post","link":"https:\/\/mobdia.com\/tr\/hayatinizi-degistirebilecek-sosyal-faydalar\/","title":{"rendered":"Hayat\u0131n\u0131z\u0131 de\u011fi\u015ftirebilecek sosyal faydalar"},"content":{"rendered":"<p>Sosyal yard\u0131mlar, vatanda\u015flara hayat\u0131n farkl\u0131 alanlar\u0131nda yard\u0131mc\u0131 olmak ve onlar\u0131 desteklemek amac\u0131yla devlet taraf\u0131ndan olu\u015fturulan program ve giri\u015fimlerdir. Bu faydalar, finansal destek, temel hizmetlere eri\u015fim ve ya\u015fam ko\u015fullar\u0131nda iyile\u015ftirmeler sa\u011flayarak insanlar\u0131n ya\u015famlar\u0131nda \u00f6nemli bir fark yaratabilir.<\/p>\n\n\n\n<p>Bu yaz\u0131da, Brezilya&#039;da sunulan baz\u0131 temel sosyal yard\u0131mlar\u0131 ve bunlar\u0131n insanlar\u0131n hayatlar\u0131n\u0131 nas\u0131l olumlu y\u00f6nde etkileyebilece\u011fini ke\u015ffedece\u011fiz. Bu programlar\u0131n hayat\u0131n\u0131z\u0131 nas\u0131l de\u011fi\u015ftirebilece\u011fini ve daha fazla g\u00fcvenlik ve esenlik sa\u011flayabilece\u011fini ke\u015ffetmek i\u00e7in takip edin.<\/p>\n\n\n<div class=\"wp-block-image\">\n<figure class=\"aligncenter size-full\"><img decoding=\"async\" src=\"http:\/\/mobdia.com\/wp-content\/uploads\/2023\/06\/Os-beneficios-sociais-que-podem-mudar-sua-vida-1.jpg\" alt=\"\" class=\"wp-image-593\"\/><\/figure>\n<\/div>\n\n\n<h2 class=\"wp-block-heading\"><strong>Bolsa Familia: Yoksullukla m\u00fccadele ve e\u011fitimi te\u015fvik etme<\/strong><\/h2>\n\n\n\n<p>Bolsa Fam\u00edlia, yoksullukla m\u00fccadele etmeyi ve sosyal i\u00e7ermeyi te\u015fvik etmeyi ama\u00e7layan bir gelir transferi program\u0131d\u0131r. Savunmas\u0131zl\u0131k ve a\u015f\u0131r\u0131 yoksulluk durumlar\u0131ndaki aileleri hedeflemektedir.<\/p>\n\n\n\n<p>Bu yard\u0131m, \u00e7ocuklar\u0131n okula devam\u0131 ve sa\u011fl\u0131k durumlar\u0131n\u0131n izlenmesi gibi belirli ko\u015fullar\u0131 yerine getirmeleri ko\u015fuluyla, kay\u0131tl\u0131 ailelere ayl\u0131k maddi yard\u0131m sunmaktad\u0131r. Bolsa Fam\u00edlia, asgari bir geliri garanti etmenin yan\u0131 s\u0131ra e\u011fitimi te\u015fvik eder ve gelecek nesiller i\u00e7in daha iyi bir gelecek sa\u011flayarak yoksulluk d\u00f6ng\u00fcs\u00fcn\u00fcn k\u0131r\u0131lmas\u0131na katk\u0131da bulunur.<\/p>\n\n\n\n<h2 class=\"wp-block-heading\"><strong>Minha Casa Minha Vida Program\u0131: Ev sahibi olma hayalini ger\u00e7ekle\u015ftirmek<\/strong><\/h2>\n\n\n\n<p>Minha Casa Minha Vida Program\u0131, d\u00fc\u015f\u00fck gelirli aileler i\u00e7in makul konutlara eri\u015fim sa\u011flamay\u0131 ama\u00e7lamaktad\u0131r. Bu program sayesinde kolay finansman ko\u015fullar\u0131 ile kendinize ait bir m\u00fclke sahip olman\u0131z m\u00fcmk\u00fcn.<\/p>\n\n\n\n<p>Program s\u00fcbvansiyonlar ve indirimli faiz oranlar\u0131 sunarak binlerce ailenin ev sahibi olma hayalini ger\u00e7e\u011fe d\u00f6n\u00fc\u015ft\u00fcr\u00fcyor. Ayr\u0131ca Minha Casa Minha Vida, emlak sekt\u00f6r\u00fcn\u00fcn \u0131s\u0131nmas\u0131na katk\u0131da bulunur ve in\u015faat sekt\u00f6r\u00fcnde istihdam yaratarak yerel ekonomiyi canland\u0131r\u0131r.<\/p>\n\n\n\n<h2 class=\"wp-block-heading\"><strong>Bolsa Verde Program\u0131: \u00c7evrenin korunmas\u0131 ve sosyal i\u00e7erme<\/strong><\/h2>\n\n\n\n<p>Bolsa Verde Program\u0131, \u00e7evrenin korunmas\u0131 ile sosyal i\u00e7ermenin desteklenmesini uzla\u015ft\u0131rmaya \u00e7al\u0131\u015fan bir giri\u015fimdir. \u00c7evre koruma alanlar\u0131nda ya\u015fayan veya s\u00fcrd\u00fcr\u00fclebilir y\u00f6netim faaliyetleri uygulayan ailelere fayda sa\u011flar.<\/p>\n\n\n\n<p>Programa kay\u0131tl\u0131 aileler, do\u011fan\u0131n korunmas\u0131 ve do\u011fal kaynaklar\u0131n korunmas\u0131 konusundaki \u00e7al\u0131\u015fmalar\u0131n\u0131n bir takdiri olarak ayl\u0131k mali yard\u0131m almaktad\u0131r. Mali deste\u011fin yan\u0131 s\u0131ra, program \u00e7evre e\u011fitimi ve s\u00fcrd\u00fcr\u00fclebilir kalk\u0131nmay\u0131 te\u015fvik eden e\u011fitim ve teknik yard\u0131m sunmaktad\u0131r.<\/p>\n\n\n\n<h2 class=\"wp-block-heading\"><strong>Teknik E\u011fitime ve \u0130stihdama Eri\u015fim Ulusal Program\u0131 (Pronatec): Mesleki yeterlilik ve i\u015f f\u0131rsatlar\u0131<\/strong><\/h2>\n\n\n\n<p>Pronatec, gen\u00e7ler ve yeti\u015fkinler i\u00e7in \u00fccretsiz profesyonel yeterlilik kurslar\u0131 sunan bir programd\u0131r. Ama\u00e7, \u00fclkenin ekonomik ve sosyal kalk\u0131nmas\u0131na katk\u0131da bulunarak i\u015f piyasas\u0131na e\u011fitim ve yerle\u015ftirme f\u0131rsatlar\u0131 sa\u011flamakt\u0131r.<\/p>\n\n\n\n<p>Pronatec kurslar\u0131, di\u011ferleri aras\u0131nda teknoloji, sa\u011fl\u0131k, end\u00fcstri, ticaret gibi \u00e7e\u015fitli alanlar\u0131 kapsar. Bu e\u011fitim ile kat\u0131l\u0131mc\u0131lar i\u015f bulma veya \u00e7al\u0131\u015fma ko\u015fullar\u0131n\u0131 iyile\u015ftirme, ya\u015fam kalitelerini art\u0131rma ve profesyonel bak\u0131\u015f a\u00e7\u0131lar\u0131n\u0131 geni\u015fletme \u015fanslar\u0131n\u0131 art\u0131rmaktad\u0131r.<\/p>\n\n\n\n<p>Sosyal yard\u0131mlar, e\u015fitli\u011fi te\u015fvik etmek, yoksullukla m\u00fccadele etmek ve herkes i\u00e7in f\u0131rsatlar sa\u011flamak i\u00e7in \u00f6nemli ara\u00e7lard\u0131r. Finansal destek, temel hizmetlere eri\u015fim ve ki\u015fisel ve profesyonel geli\u015fim i\u00e7in olanaklar sa\u011flayarak ya\u015famlar\u0131 d\u00f6n\u00fc\u015ft\u00fcrme g\u00fcc\u00fcne sahiptirler.<\/p>\n\n\n\n<p>Bu makalede, Brezilya&#039;daki Bolsa Fam\u00edlia, Minha Casa Minha Vida, Bolsa Verde ve Pronatec gibi baz\u0131 temel sosyal yard\u0131mlar\u0131 inceliyoruz. Bu programlar, h\u00fck\u00fcmetin n\u00fcfusun ya\u015fam kalitesini iyile\u015ftirme ve sosyal i\u00e7ermeyi te\u015fvik etme taahh\u00fcd\u00fcn\u00fc temsil etmektedir.<\/p>\n\n\n\n<p>Bu f\u0131rsatlardan yararlan\u0131n ve size sunulan sosyal yard\u0131mlar hakk\u0131nda bilgi al\u0131n. Hayat\u0131n\u0131z\u0131 d\u00f6n\u00fc\u015ft\u00fcrmek ve daha m\u00fcreffeh ve g\u00fcvenli bir gelece\u011fe ula\u015fmak i\u00e7in ba\u015flang\u0131\u00e7 noktas\u0131 olabilirler.<\/p>","protected":false},"excerpt":{"rendered":"<p>Os benef\u00edcios sociais s\u00e3o programas e iniciativas criados pelo governo com o objetivo de ajudar e apoiar os cidad\u00e3os em diferentes \u00e1reas da vida. Esses benef\u00edcios podem fazer uma diferen\u00e7a significativa na vida das pessoas, proporcionando suporte financeiro, acesso a servi\u00e7os essenciais e melhorias nas condi\u00e7\u00f5es de vida. Neste artigo, vamos explorar alguns dos principais [&hellip;]<\/p>","protected":false},"author":1,"featured_media":592,"comment_status":"open","ping_status":"open","sticky":false,"template":"","format":"standard","meta":{"footnotes":""},"categories":[19],"tags":[],"class_list":{"0":"post-591","1":"post","2":"type-post","3":"status-publish","4":"format-standard","5":"has-post-thumbnail","7":"category-utilidades"},"_links":{"self":[{"href":"https:\/\/mobdia.com\/tr\/wp-json\/wp\/v2\/posts\/591","targetHints":{"allow":["GET"]}}],"collection":[{"href":"https:\/\/mobdia.com\/tr\/wp-json\/wp\/v2\/posts"}],"about":[{"href":"https:\/\/mobdia.com\/tr\/wp-json\/wp\/v2\/types\/post"}],"author":[{"embeddable":true,"href":"https:\/\/mobdia.com\/tr\/wp-json\/wp\/v2\/users\/1"}],"replies":[{"embeddable":true,"href":"https:\/\/mobdia.com\/tr\/wp-json\/wp\/v2\/comments?post=591"}],"version-history":[{"count":1,"href":"https:\/\/mobdia.com\/tr\/wp-json\/wp\/v2\/posts\/591\/revisions"}],"predecessor-version":[{"id":594,"href":"https:\/\/mobdia.com\/tr\/wp-json\/wp\/v2\/posts\/591\/revisions\/594"}],"wp:featuredmedia":[{"embeddable":true,"href":"https:\/\/mobdia.com\/tr\/wp-json\/wp\/v2\/media\/592"}],"wp:attachment":[{"href":"https:\/\/mobdia.com\/tr\/wp-json\/wp\/v2\/media?parent=591"}],"wp:term":[{"taxonomy":"category","embeddable":true,"href":"https:\/\/mobdia.com\/tr\/wp-json\/wp\/v2\/categories?post=591"},{"taxonomy":"post_tag","embeddable":true,"href":"https:\/\/mobdia.com\/tr\/wp-json\/wp\/v2\/tags?post=591"}],"curies":[{"name":"wp","href":"https:\/\/api.w.org\/{rel}","templated":true}]}}