{"id":654,"date":"2023-05-30T22:00:39","date_gmt":"2023-05-30T22:00:39","guid":{"rendered":"https:\/\/mobdia.com\/?p=654"},"modified":"2023-06-30T23:12:49","modified_gmt":"2023-06-30T23:12:49","slug":"como-fazer-a-carteira-de-trabalho-digital-um-guia-completo","status":"publish","type":"post","link":"https:\/\/mobdia.com\/sv\/como-fazer-a-carteira-de-trabalho-digital-um-guia-completo\/","title":{"rendered":"Hur man g\u00f6r ett digitalt arbetskort: En komplett guide"},"content":{"rendered":"<p>Arbetskortet \u00e4r ett viktigt dokument f\u00f6r varje brasiliansk arbetstagare. Det registrerar all relevant information om ens yrkeshistorik, s\u00e5som anst\u00e4llningsavtal, l\u00f6ner och socialf\u00f6rs\u00e4kringsavgifter. Med tekniska framsteg lanserade den federala regeringen det digitala arbetskortet, en elektronisk version av det fysiska dokumentet, vilket ger st\u00f6rre bekv\u00e4mlighet och smidighet vid \u00e5tkomst till anst\u00e4llningsinformation. I den h\u00e4r artikeln visar vi dig steg f\u00f6r steg hur du skapar ett digitalt arbetskort och drar nytta av alla dess f\u00f6rdelar.<\/p>\n\n\n<div class=\"wp-block-image\">\n<figure class=\"aligncenter size-full\"><img loading=\"lazy\" decoding=\"async\" width=\"600\" height=\"420\" src=\"http:\/\/mobdia.com\/wp-content\/uploads\/2023\/06\/Como-Fazer-a-Carteira-de-Trabalho-Digital-Um-Guia-Completo.jpg\" alt=\"\" class=\"wp-image-655\" srcset=\"https:\/\/mobdia.com\/wp-content\/uploads\/2023\/06\/Como-Fazer-a-Carteira-de-Trabalho-Digital-Um-Guia-Completo.jpg 600w, https:\/\/mobdia.com\/wp-content\/uploads\/2023\/06\/Como-Fazer-a-Carteira-de-Trabalho-Digital-Um-Guia-Completo-300x210.jpg 300w, https:\/\/mobdia.com\/wp-content\/uploads\/2023\/06\/Como-Fazer-a-Carteira-de-Trabalho-Digital-Um-Guia-Completo-18x12.jpg 18w\" sizes=\"auto, (max-width: 600px) 100vw, 600px\" \/><\/figure>\n<\/div>\n\n\n<h2 class=\"wp-block-heading\">Vad \u00e4r det digitala arbetskortet?<\/h2>\n\n\n\n<p>Det digitala arbetskortet \u00e4r en elektronisk version av det traditionella arbets- och socialf\u00f6rs\u00e4kringskortet (CTPS). Det \u00e4r juridiskt giltigt och inneh\u00e5ller all information om anst\u00e4llda, s\u00e5som anst\u00e4llningsavtal, anst\u00e4llningsf\u00f6rh\u00e5llanden, l\u00f6ner, semester och socialf\u00f6rs\u00e4kringsavgifter. Via appen &quot;Digitalt arbetskort&quot; eller den officiella webbplatsen kan anst\u00e4llda snabbt och s\u00e4kert f\u00e5 tillg\u00e5ng till denna information, vilket eliminerar behovet av att b\u00e4ra med sig ett fysiskt dokument.<\/p>\n\n\n\n<h2 class=\"wp-block-heading\">Steg-f\u00f6r-steg-guide f\u00f6r att skapa ett digitalt arbetskort<\/h2>\n\n\n\n<h3 class=\"wp-block-heading\">Steg 1: Ladda ner appen eller bes\u00f6k den officiella webbplatsen<\/h3>\n\n\n\n<p>F\u00f6r att f\u00e5 ett digitalt arbetstillst\u00e5nd kan du ladda ner appen &quot;Digital Work Permit&quot; som finns i din smartphones appbutiker eller bes\u00f6ka den federala regeringens officiella webbplats. B\u00e5da alternativen erbjuder samma funktionalitet och tillg\u00e5ng till anst\u00e4llningsinformation.<\/p>\n\n\n\n<h3 class=\"wp-block-heading\">Steg 2: Registrera dig p\u00e5 Gov.br-portalen<\/h3>\n\n\n\n<p>Innan du forts\u00e4tter med processen att skapa ditt digitala arbetstillst\u00e5nd m\u00e5ste du registrera dig p\u00e5 Gov.br-portalen. F\u00f6r att g\u00f6ra det m\u00e5ste du ange dina personuppgifter, inklusive ditt fullst\u00e4ndiga namn, CPF (brasilianskt skattebetalar-ID), f\u00f6delsedatum och giltig e-postadress. Efter registreringen f\u00e5r du ett e-postmeddelande med en l\u00e4nk f\u00f6r att aktivera ditt konto.<\/p>\n\n\n\n<h3 class=\"wp-block-heading\">Steg 3: G\u00e5 till appen eller webbplatsen<\/h3>\n\n\n\n<p>Efter att du registrerat och aktiverat ditt konto kan du komma \u00e5t appen &quot;Digitalt arbetskort&quot; eller den officiella webbplatsen. Logga in med ditt tidigare registrerade CPF och l\u00f6senord.<\/p>\n\n\n\n<h3 class=\"wp-block-heading\">Steg 4: Registrera ditt digitala arbetskort<\/h3>\n\n\n\n<p>N\u00e4r du \u00e4r inloggad i appen eller p\u00e5 webbplatsen m\u00e5ste du registrera ditt digitala arbetskort. F\u00f6r att g\u00f6ra det m\u00e5ste du ange ditt CPF-nummer och annan beg\u00e4rd personlig information. Om du redan har ett fysiskt arbetskort kan du l\u00e4nka det till din digitala registrering genom att ange ditt PIS\/PASEP- eller NIS\/NIT-nummer.<\/p>\n\n\n\n<h3 class=\"wp-block-heading\">Steg 5: F\u00e5 \u00e5tkomst till din anst\u00e4llningsinformation<\/h3>\n\n\n\n<p>Efter att du har registrerat ditt digitala arbetskort f\u00e5r du tillg\u00e5ng till din anst\u00e4llningsinformation. Appen eller webbplatsen l\u00e5ter dig se dina anst\u00e4llningsavtal, l\u00f6ner, semesterers\u00e4ttning, socialf\u00f6rs\u00e4kringsavgifter och annan relevant information. Du f\u00e5r ocks\u00e5 meddelanden om uppdateringar och nya registreringar.<\/p>\n\n\n\n<h2 class=\"wp-block-heading\">Vanliga fr\u00e5gor om det digitala arbetskortet<\/h2>\n\n\n\n<p><strong>1. Ers\u00e4tter det digitala arbetskortet det fysiska dokumentet?<\/strong> Ja, det digitala arbetstillst\u00e5ndet \u00e4r juridiskt giltigt och ers\u00e4tter det fysiska dokumentet. Men om du f\u00f6redrar det kan du forts\u00e4tta anv\u00e4nda den fysiska versionen.<\/p>\n\n\n\n<p><strong>2. \u00c4r det obligatoriskt att ha ett digitalt arbetskort?<\/strong> Nej, det \u00e4r valfritt att anv\u00e4nda det digitala arbetskortet. Arbetstagare kan v\u00e4lja att anv\u00e4nda antingen den digitala eller fysiska versionen.<\/p>\n\n\n\n<p><strong>3. Hur bevisar jag anst\u00e4llningsf\u00f6rh\u00e5llanden med det digitala arbetskortet?<\/strong> Det digitala arbetstillst\u00e5ndet har en QR-kod som kan l\u00e4sas av elektroniska enheter som smartphones och surfplattor. Denna kod inneh\u00e5ller all information som beh\u00f6vs f\u00f6r att verifiera anst\u00e4llningsf\u00f6rh\u00e5llanden.<\/p>\n\n\n\n<p><strong>4. \u00c4r det s\u00e4kert att anv\u00e4nda det digitala arbetskortet?<\/strong> Ja, det digitala arbetskortet \u00e4r s\u00e4kert. Det anv\u00e4nder krypteringsteknik f\u00f6r att skydda medarbetarnas information.<\/p>\n\n\n\n<p><strong>5. \u00c4r det m\u00f6jligt att g\u00f6ra uppdateringar av det digitala arbetskortet?<\/strong> Ja, du kan uppdatera ditt digitala arbetskort. Du kan l\u00e4gga till nya anst\u00e4llningsavtal, \u00e4ndra personuppgifter och registrera andra anst\u00e4llningsh\u00e4ndelser.<\/p>\n\n\n\n<h2 class=\"wp-block-heading\">Slutsats<\/h2>\n\n\n\n<p>Det digitala arbetskortet representerar en utveckling i hur anst\u00e4llningsinformation registreras och \u00e5tkoms. Det g\u00f6r det enklare och snabbare f\u00f6r arbetstagare att kontrollera sina kontrakt, l\u00f6ner och socialf\u00f6rs\u00e4kringsavgifter. I den h\u00e4r artikeln presenterar vi en komplett guide om hur man skapar ett digitalt arbetskort, fr\u00e5n registrering till \u00e5tkomst till anst\u00e4llningsinformation. Dra nytta av alla f\u00f6rdelar som den digitala versionen erbjuder och f\u00f6renkla ditt yrkesliv.<\/p>","protected":false},"excerpt":{"rendered":"<p>A carteira de trabalho \u00e9 um documento essencial para todo trabalhador brasileiro. Ela registra todas as informa\u00e7\u00f5es relevantes sobre o hist\u00f3rico profissional, como contratos de trabalho, sal\u00e1rios e contribui\u00e7\u00f5es previdenci\u00e1rias. Com o avan\u00e7o da tecnologia, o governo federal lan\u00e7ou a Carteira de Trabalho Digital, uma vers\u00e3o eletr\u00f4nica do documento f\u00edsico, que oferece mais praticidade e [&hellip;]<\/p>","protected":false},"author":1,"featured_media":655,"comment_status":"open","ping_status":"open","sticky":false,"template":"","format":"standard","meta":{"footnotes":""},"categories":[21],"tags":[],"class_list":{"0":"post-654","1":"post","2":"type-post","3":"status-publish","4":"format-standard","5":"has-post-thumbnail","7":"category-curiosidades"},"_links":{"self":[{"href":"https:\/\/mobdia.com\/sv\/wp-json\/wp\/v2\/posts\/654","targetHints":{"allow":["GET"]}}],"collection":[{"href":"https:\/\/mobdia.com\/sv\/wp-json\/wp\/v2\/posts"}],"about":[{"href":"https:\/\/mobdia.com\/sv\/wp-json\/wp\/v2\/types\/post"}],"author":[{"embeddable":true,"href":"https:\/\/mobdia.com\/sv\/wp-json\/wp\/v2\/users\/1"}],"replies":[{"embeddable":true,"href":"https:\/\/mobdia.com\/sv\/wp-json\/wp\/v2\/comments?post=654"}],"version-history":[{"count":1,"href":"https:\/\/mobdia.com\/sv\/wp-json\/wp\/v2\/posts\/654\/revisions"}],"predecessor-version":[{"id":656,"href":"https:\/\/mobdia.com\/sv\/wp-json\/wp\/v2\/posts\/654\/revisions\/656"}],"wp:featuredmedia":[{"embeddable":true,"href":"https:\/\/mobdia.com\/sv\/wp-json\/wp\/v2\/media\/655"}],"wp:attachment":[{"href":"https:\/\/mobdia.com\/sv\/wp-json\/wp\/v2\/media?parent=654"}],"wp:term":[{"taxonomy":"category","embeddable":true,"href":"https:\/\/mobdia.com\/sv\/wp-json\/wp\/v2\/categories?post=654"},{"taxonomy":"post_tag","embeddable":true,"href":"https:\/\/mobdia.com\/sv\/wp-json\/wp\/v2\/tags?post=654"}],"curies":[{"name":"wp","href":"https:\/\/api.w.org\/{rel}","templated":true}]}}